{"id":550,"date":"2016-02-25T09:08:41","date_gmt":"2016-02-25T07:08:41","guid":{"rendered":"http:\/\/multimediabilgisayar.com\/blog\/?p=550"},"modified":"2024-11-07T09:49:04","modified_gmt":"2024-11-07T06:49:04","slug":"facebookda-begen-tusuna-yeni-emojiler-eklendi","status":"publish","type":"post","link":"https:\/\/multimediabilgisayar.com\/blog\/facebookda-begen-tusuna-yeni-emojiler-eklendi\/","title":{"rendered":"Facebook&#8217;da Be\u011fen Tu\u015funa Yeni Emojiler Eklendi!"},"content":{"rendered":"<p><a href=\"https:\/\/www.facebook.com\"><strong>Facebook<\/strong><\/a>&#8216;un uzun s\u00fcredir test etti\u011fi &#8216;Facebook Reactions&#8217; emoji&#8217;leri nihayet t\u00fcm kullan\u0131c\u0131lara sunuldu. Art\u0131k &#8220;be\u011fenme&#8221; haricinde farkl\u0131 ifadeleri de kullanabilece\u011fiz. Facebook&#8217;un kullan\u0131c\u0131lara sadece &#8220;be\u011fen&#8221; i\u015flevi sunmas\u0131, uzun s\u00fcredir baz\u0131 kesimler taraf\u0131ndan ele\u015ftiriliyordu. Facebook ekibi de bu ele\u015ftirileri dinlemi\u015f olacak ki uzun s\u00fcredir geli\u015ftiren Reactions \u00f6zelli\u011fi bug\u00fcnden itibaren t\u00fcm kullan\u0131c\u0131lar\u0131n kullan\u0131m\u0131na a\u00e7\u0131ld\u0131.<\/p>\r\n<center><img fetchpriority=\"high\" decoding=\"async\" class=\"aligncenter wp-image-2330 size-full\" src=\"http:\/\/multimediabilgisayar.com\/blog\/wp-content\/uploads\/2016\/02\/facebook-like-butonu-degisti.jpg\" alt=\"Facebook'da Be\u011fen Tu\u015funa Yeni Emojiler Eklendi!\" width=\"580\" height=\"330\" srcset=\"https:\/\/multimediabilgisayar.com\/blog\/wp-content\/uploads\/2016\/02\/facebook-like-butonu-degisti.jpg 580w, https:\/\/multimediabilgisayar.com\/blog\/wp-content\/uploads\/2016\/02\/facebook-like-butonu-degisti-300x171.jpg 300w, https:\/\/multimediabilgisayar.com\/blog\/wp-content\/uploads\/2016\/02\/facebook-like-butonu-degisti-185x105.jpg 185w\" sizes=\"(max-width: 580px) 100vw, 580px\" \/><\/center>\r\n<p>Ge\u00e7ti\u011fimiz Ekim ay\u0131ndan bu yana baz\u0131 b\u00f6lgelerde test edilen Reactions ile birlikte, al\u0131\u015ft\u0131\u011f\u0131m\u0131z &#8220;be\u011fen&#8221; tu\u015funun yan\u0131 s\u0131ra farkl\u0131 tepki \u00f6zellikleri de servise eklendi. Bundan b\u00f6yle bir g\u00f6nderiyi be\u011fenmenin yan\u0131 s\u0131ra <a href=\"\/facebookda-begen-tusuna-yeni-emojiler-eklendi\"><strong>sevgi, g\u00fclme, \u015fa\u015f\u0131rma, \u00fcz\u00fcnt\u00fc ve k\u0131zg\u0131nl\u0131\u011f\u0131 ifadeleyen emojileri<\/strong><\/a> de kullanabilece\u011fiz. \u0130lk olarak \u0130rlanda ve \u0130spanya&#8217;da test edilen bu \u00f6zellik bug\u00fcnden itibaren t\u00fcm Facebook kullan\u0131c\u0131lar\u0131 taraf\u0131ndan ula\u015fabiir hale geldi. Facebook&#8217;tan yap\u0131lan a\u00e7\u0131klamaya g\u00f6re duygular\u0131 ifade eden emojilerin \u00e7izilmesi konusunda sosyologlardan yard\u0131m al\u0131nd\u0131. \u00a0<\/p>\r\n<p><img decoding=\"async\" class=\"wp-image-2331 size-full aligncenter\" src=\"http:\/\/multimediabilgisayar.com\/blog\/wp-content\/uploads\/2016\/02\/facebook-like-butonu-degisti-2.jpg\" alt=\"Facebook'da Be\u011fen Tu\u015funa Yeni Emojiler Eklendi!\" width=\"640\" height=\"139\" srcset=\"https:\/\/multimediabilgisayar.com\/blog\/wp-content\/uploads\/2016\/02\/facebook-like-butonu-degisti-2.jpg 640w, https:\/\/multimediabilgisayar.com\/blog\/wp-content\/uploads\/2016\/02\/facebook-like-butonu-degisti-2-300x65.jpg 300w, https:\/\/multimediabilgisayar.com\/blog\/wp-content\/uploads\/2016\/02\/facebook-like-butonu-degisti-2-483x105.jpg 483w\" sizes=\"(max-width: 640px) 100vw, 640px\" \/><\/p>\r\n<p>Yeni reaksiyon se\u00e7enekleriyle beraber &#8220;be\u011fen&#8221; i\u015flevinin uygunsuz kald\u0131\u011f\u0131 durumlar\u0131n \u00f6n\u00fcne ge\u00e7iliyor. \u00d6rne\u011fin evcil hayvan\u0131n\u0131n hasta oldu\u011funu belirten bir iletinin be\u011fenilmesi, kullan\u0131c\u0131lar taraf\u0131ndan garip kar\u015f\u0131lan\u0131yordu. Art\u0131k b\u00f6yle g\u00f6nderiler i\u00e7in \u00fczg\u00fcn veya k\u0131zg\u0131n <a href=\"\/facebookda-begen-tusuna-yeni-emojiler-eklendi\"><strong>emojiler<\/strong><\/a> kullan\u0131labilecek.<\/p>\r\n\r\n<div style=\"display: none;\">https:\/\/www.multiyazilim.com<\/div><!-- \/wp:post-content -->","protected":false},"excerpt":{"rendered":"<p>Facebook&#8216;un uzun s\u00fcredir test etti\u011fi &#8216;Facebook Reactions&#8217; emoji&#8217;leri nihayet t\u00fcm kullan\u0131c\u0131lara sunuldu. Art\u0131k &#8220;be\u011fenme&#8221; haricinde farkl\u0131 ifadeleri de kullanabilece\u011fiz. Facebook&#8217;un kullan\u0131c\u0131lara sadece &#8220;be\u011fen&#8221; i\u015flevi sunmas\u0131, uzun s\u00fcredir baz\u0131 kesimler taraf\u0131ndan ele\u015ftiriliyordu. Facebook ekibi de bu ele\u015ftirileri dinlemi\u015f olacak ki uzun s\u00fcredir geli\u015ftiren Reactions \u00f6zelli\u011fi bug\u00fcnden itibaren t\u00fcm kullan\u0131c\u0131lar\u0131n kullan\u0131m\u0131na a\u00e7\u0131ld\u0131. Ge\u00e7ti\u011fimiz Ekim ay\u0131ndan bu yana [&hellip;]<\/p>\n","protected":false},"author":1,"featured_media":2330,"comment_status":"open","ping_status":"open","sticky":false,"template":"","format":"standard","meta":{"footnotes":""},"categories":[67],"tags":[173,174,175,176,177],"class_list":["post-550","post","type-post","status-publish","format-standard","has-post-thumbnail","hentry","category-sosyal-medya","tag-begen-butonu-guncellemesi","tag-facebook-like","tag-facebook-reactions","tag-facebookda-yenilik","tag-yeni-begen-butonu"],"yoast_head":"<!-- This site is optimized with the Yoast SEO plugin v27.1.1 - https:\/\/yoast.com\/product\/yoast-seo-wordpress\/ -->\n<title>Facebook&#039;da Be\u011fen Tu\u015funa Yeni Emojiler Eklendi! - Multimedia Bilgisayar | Blog<\/title>\n<meta name=\"robots\" content=\"index, follow, max-snippet:-1, max-image-preview:large, max-video-preview:-1\" \/>\n<link rel=\"canonical\" href=\"https:\/\/multimediabilgisayar.com\/blog\/facebookda-begen-tusuna-yeni-emojiler-eklendi\/\" \/>\n<meta property=\"og:locale\" content=\"tr_TR\" \/>\n<meta property=\"og:type\" content=\"article\" \/>\n<meta property=\"og:title\" content=\"Facebook&#039;da Be\u011fen Tu\u015funa Yeni Emojiler Eklendi! - Multimedia Bilgisayar | Blog\" \/>\n<meta property=\"og:description\" content=\"Facebook&#8216;un uzun s\u00fcredir test etti\u011fi &#8216;Facebook Reactions&#8217; emoji&#8217;leri nihayet t\u00fcm kullan\u0131c\u0131lara sunuldu. Art\u0131k &#8220;be\u011fenme&#8221; haricinde farkl\u0131 ifadeleri de kullanabilece\u011fiz. Facebook&#8217;un kullan\u0131c\u0131lara sadece &#8220;be\u011fen&#8221; i\u015flevi sunmas\u0131, uzun s\u00fcredir baz\u0131 kesimler taraf\u0131ndan ele\u015ftiriliyordu. Facebook ekibi de bu ele\u015ftirileri dinlemi\u015f olacak ki uzun s\u00fcredir geli\u015ftiren Reactions \u00f6zelli\u011fi bug\u00fcnden itibaren t\u00fcm kullan\u0131c\u0131lar\u0131n kullan\u0131m\u0131na a\u00e7\u0131ld\u0131. Ge\u00e7ti\u011fimiz Ekim ay\u0131ndan bu yana [&hellip;]\" \/>\n<meta property=\"og:url\" content=\"https:\/\/multimediabilgisayar.com\/blog\/facebookda-begen-tusuna-yeni-emojiler-eklendi\/\" \/>\n<meta property=\"og:site_name\" content=\"Multimedia Bilgisayar | Blog\" \/>\n<meta property=\"article:published_time\" content=\"2016-02-25T07:08:41+00:00\" \/>\n<meta property=\"article:modified_time\" content=\"2024-11-07T06:49:04+00:00\" \/>\n<meta property=\"og:image\" content=\"https:\/\/multimediabilgisayar.com\/blog\/wp-content\/uploads\/2016\/02\/facebook-like-butonu-degisti.jpg\" \/>\n\t<meta property=\"og:image:width\" content=\"580\" \/>\n\t<meta property=\"og:image:height\" content=\"330\" \/>\n\t<meta property=\"og:image:type\" content=\"image\/jpeg\" \/>\n<meta name=\"author\" content=\"Multimedia\" \/>\n<meta name=\"twitter:card\" content=\"summary_large_image\" \/>\n<meta name=\"twitter:label1\" content=\"Yazan:\" \/>\n\t<meta name=\"twitter:data1\" content=\"Multimedia\" \/>\n\t<meta name=\"twitter:label2\" content=\"Tahmini okuma s\u00fcresi\" \/>\n\t<meta name=\"twitter:data2\" content=\"1 dakika\" \/>\n<script type=\"application\/ld+json\" class=\"yoast-schema-graph\">{\"@context\":\"https:\/\/schema.org\",\"@graph\":[{\"@type\":\"Article\",\"@id\":\"https:\/\/multimediabilgisayar.com\/blog\/facebookda-begen-tusuna-yeni-emojiler-eklendi\/#article\",\"isPartOf\":{\"@id\":\"https:\/\/multimediabilgisayar.com\/blog\/facebookda-begen-tusuna-yeni-emojiler-eklendi\/\"},\"author\":{\"name\":\"Multimedia\",\"@id\":\"https:\/\/multimediabilgisayar.com\/blog\/#\/schema\/person\/75acd01e1e2de1d9d7b9c18ecfd81c90\"},\"headline\":\"Facebook&#8217;da Be\u011fen Tu\u015funa Yeni Emojiler Eklendi!\",\"datePublished\":\"2016-02-25T07:08:41+00:00\",\"dateModified\":\"2024-11-07T06:49:04+00:00\",\"mainEntityOfPage\":{\"@id\":\"https:\/\/multimediabilgisayar.com\/blog\/facebookda-begen-tusuna-yeni-emojiler-eklendi\/\"},\"wordCount\":254,\"commentCount\":0,\"publisher\":{\"@id\":\"https:\/\/multimediabilgisayar.com\/blog\/#organization\"},\"image\":{\"@id\":\"https:\/\/multimediabilgisayar.com\/blog\/facebookda-begen-tusuna-yeni-emojiler-eklendi\/#primaryimage\"},\"thumbnailUrl\":\"https:\/\/multimediabilgisayar.com\/blog\/wp-content\/uploads\/2016\/02\/facebook-like-butonu-degisti.jpg\",\"keywords\":[\"be\u011fen butonu g\u00fcncellemesi\",\"facebook like\",\"facebook reactions\",\"facebookda yenilik\",\"yeni be\u011fen butonu\"],\"articleSection\":[\"Sosyal Medya\"],\"inLanguage\":\"tr\",\"potentialAction\":[{\"@type\":\"CommentAction\",\"name\":\"Comment\",\"target\":[\"https:\/\/multimediabilgisayar.com\/blog\/facebookda-begen-tusuna-yeni-emojiler-eklendi\/#respond\"]}]},{\"@type\":\"WebPage\",\"@id\":\"https:\/\/multimediabilgisayar.com\/blog\/facebookda-begen-tusuna-yeni-emojiler-eklendi\/\",\"url\":\"https:\/\/multimediabilgisayar.com\/blog\/facebookda-begen-tusuna-yeni-emojiler-eklendi\/\",\"name\":\"Facebook'da Be\u011fen Tu\u015funa Yeni Emojiler Eklendi! - Multimedia Bilgisayar | Blog\",\"isPartOf\":{\"@id\":\"https:\/\/multimediabilgisayar.com\/blog\/#website\"},\"primaryImageOfPage\":{\"@id\":\"https:\/\/multimediabilgisayar.com\/blog\/facebookda-begen-tusuna-yeni-emojiler-eklendi\/#primaryimage\"},\"image\":{\"@id\":\"https:\/\/multimediabilgisayar.com\/blog\/facebookda-begen-tusuna-yeni-emojiler-eklendi\/#primaryimage\"},\"thumbnailUrl\":\"https:\/\/multimediabilgisayar.com\/blog\/wp-content\/uploads\/2016\/02\/facebook-like-butonu-degisti.jpg\",\"datePublished\":\"2016-02-25T07:08:41+00:00\",\"dateModified\":\"2024-11-07T06:49:04+00:00\",\"breadcrumb\":{\"@id\":\"https:\/\/multimediabilgisayar.com\/blog\/facebookda-begen-tusuna-yeni-emojiler-eklendi\/#breadcrumb\"},\"inLanguage\":\"tr\",\"potentialAction\":[{\"@type\":\"ReadAction\",\"target\":[\"https:\/\/multimediabilgisayar.com\/blog\/facebookda-begen-tusuna-yeni-emojiler-eklendi\/\"]}]},{\"@type\":\"ImageObject\",\"inLanguage\":\"tr\",\"@id\":\"https:\/\/multimediabilgisayar.com\/blog\/facebookda-begen-tusuna-yeni-emojiler-eklendi\/#primaryimage\",\"url\":\"https:\/\/multimediabilgisayar.com\/blog\/wp-content\/uploads\/2016\/02\/facebook-like-butonu-degisti.jpg\",\"contentUrl\":\"https:\/\/multimediabilgisayar.com\/blog\/wp-content\/uploads\/2016\/02\/facebook-like-butonu-degisti.jpg\",\"width\":580,\"height\":330,\"caption\":\"Facebook'da Be\u011fen Tu\u015funa Yeni Emojiler Eklendi!\"},{\"@type\":\"BreadcrumbList\",\"@id\":\"https:\/\/multimediabilgisayar.com\/blog\/facebookda-begen-tusuna-yeni-emojiler-eklendi\/#breadcrumb\",\"itemListElement\":[{\"@type\":\"ListItem\",\"position\":1,\"name\":\"Anasayfa\",\"item\":\"https:\/\/multimediabilgisayar.com\/blog\/\"},{\"@type\":\"ListItem\",\"position\":2,\"name\":\"Facebook&#8217;da Be\u011fen Tu\u015funa Yeni Emojiler Eklendi!\"}]},{\"@type\":\"WebSite\",\"@id\":\"https:\/\/multimediabilgisayar.com\/blog\/#website\",\"url\":\"https:\/\/multimediabilgisayar.com\/blog\/\",\"name\":\"Multimedia Bilgisayar | Blog\",\"description\":\"\",\"publisher\":{\"@id\":\"https:\/\/multimediabilgisayar.com\/blog\/#organization\"},\"potentialAction\":[{\"@type\":\"SearchAction\",\"target\":{\"@type\":\"EntryPoint\",\"urlTemplate\":\"https:\/\/multimediabilgisayar.com\/blog\/?s={search_term_string}\"},\"query-input\":{\"@type\":\"PropertyValueSpecification\",\"valueRequired\":true,\"valueName\":\"search_term_string\"}}],\"inLanguage\":\"tr\"},{\"@type\":\"Organization\",\"@id\":\"https:\/\/multimediabilgisayar.com\/blog\/#organization\",\"name\":\"Multimedia Bilgisayar | Blog\",\"url\":\"https:\/\/multimediabilgisayar.com\/blog\/\",\"logo\":{\"@type\":\"ImageObject\",\"inLanguage\":\"tr\",\"@id\":\"https:\/\/multimediabilgisayar.com\/blog\/#\/schema\/logo\/image\/\",\"url\":\"https:\/\/multimediabilgisayar.com\/blog\/wp-content\/uploads\/2024\/11\/Multi-Logo-Siyah.png\",\"contentUrl\":\"https:\/\/multimediabilgisayar.com\/blog\/wp-content\/uploads\/2024\/11\/Multi-Logo-Siyah.png\",\"width\":2386,\"height\":403,\"caption\":\"Multimedia Bilgisayar | Blog\"},\"image\":{\"@id\":\"https:\/\/multimediabilgisayar.com\/blog\/#\/schema\/logo\/image\/\"}},{\"@type\":\"Person\",\"@id\":\"https:\/\/multimediabilgisayar.com\/blog\/#\/schema\/person\/75acd01e1e2de1d9d7b9c18ecfd81c90\",\"name\":\"Multimedia\",\"image\":{\"@type\":\"ImageObject\",\"inLanguage\":\"tr\",\"@id\":\"https:\/\/multimediabilgisayar.com\/blog\/#\/schema\/person\/image\/\",\"url\":\"https:\/\/secure.gravatar.com\/avatar\/90ae74e7c1a5a394ce7dec103aa0919c6a0a7c2f7e01f9275dca8e0c3f598c9f?s=96&d=wp_user_avatar&r=g\",\"contentUrl\":\"https:\/\/secure.gravatar.com\/avatar\/90ae74e7c1a5a394ce7dec103aa0919c6a0a7c2f7e01f9275dca8e0c3f598c9f?s=96&d=wp_user_avatar&r=g\",\"caption\":\"Multimedia\"},\"sameAs\":[\"https:\/\/multimediabilgisayar.com\/blog\"],\"url\":\"https:\/\/multimediabilgisayar.com\/blog\/author\/multi-admin\/\"}]}<\/script>\n<!-- \/ Yoast SEO plugin. -->","yoast_head_json":{"title":"Facebook'da Be\u011fen Tu\u015funa Yeni Emojiler Eklendi! - Multimedia Bilgisayar | Blog","robots":{"index":"index","follow":"follow","max-snippet":"max-snippet:-1","max-image-preview":"max-image-preview:large","max-video-preview":"max-video-preview:-1"},"canonical":"https:\/\/multimediabilgisayar.com\/blog\/facebookda-begen-tusuna-yeni-emojiler-eklendi\/","og_locale":"tr_TR","og_type":"article","og_title":"Facebook'da Be\u011fen Tu\u015funa Yeni Emojiler Eklendi! - Multimedia Bilgisayar | Blog","og_description":"Facebook&#8216;un uzun s\u00fcredir test etti\u011fi &#8216;Facebook Reactions&#8217; emoji&#8217;leri nihayet t\u00fcm kullan\u0131c\u0131lara sunuldu. Art\u0131k &#8220;be\u011fenme&#8221; haricinde farkl\u0131 ifadeleri de kullanabilece\u011fiz. Facebook&#8217;un kullan\u0131c\u0131lara sadece &#8220;be\u011fen&#8221; i\u015flevi sunmas\u0131, uzun s\u00fcredir baz\u0131 kesimler taraf\u0131ndan ele\u015ftiriliyordu. Facebook ekibi de bu ele\u015ftirileri dinlemi\u015f olacak ki uzun s\u00fcredir geli\u015ftiren Reactions \u00f6zelli\u011fi bug\u00fcnden itibaren t\u00fcm kullan\u0131c\u0131lar\u0131n kullan\u0131m\u0131na a\u00e7\u0131ld\u0131. Ge\u00e7ti\u011fimiz Ekim ay\u0131ndan bu yana [&hellip;]","og_url":"https:\/\/multimediabilgisayar.com\/blog\/facebookda-begen-tusuna-yeni-emojiler-eklendi\/","og_site_name":"Multimedia Bilgisayar | Blog","article_published_time":"2016-02-25T07:08:41+00:00","article_modified_time":"2024-11-07T06:49:04+00:00","og_image":[{"width":580,"height":330,"url":"https:\/\/multimediabilgisayar.com\/blog\/wp-content\/uploads\/2016\/02\/facebook-like-butonu-degisti.jpg","type":"image\/jpeg"}],"author":"Multimedia","twitter_card":"summary_large_image","twitter_misc":{"Yazan:":"Multimedia","Tahmini okuma s\u00fcresi":"1 dakika"},"schema":{"@context":"https:\/\/schema.org","@graph":[{"@type":"Article","@id":"https:\/\/multimediabilgisayar.com\/blog\/facebookda-begen-tusuna-yeni-emojiler-eklendi\/#article","isPartOf":{"@id":"https:\/\/multimediabilgisayar.com\/blog\/facebookda-begen-tusuna-yeni-emojiler-eklendi\/"},"author":{"name":"Multimedia","@id":"https:\/\/multimediabilgisayar.com\/blog\/#\/schema\/person\/75acd01e1e2de1d9d7b9c18ecfd81c90"},"headline":"Facebook&#8217;da Be\u011fen Tu\u015funa Yeni Emojiler Eklendi!","datePublished":"2016-02-25T07:08:41+00:00","dateModified":"2024-11-07T06:49:04+00:00","mainEntityOfPage":{"@id":"https:\/\/multimediabilgisayar.com\/blog\/facebookda-begen-tusuna-yeni-emojiler-eklendi\/"},"wordCount":254,"commentCount":0,"publisher":{"@id":"https:\/\/multimediabilgisayar.com\/blog\/#organization"},"image":{"@id":"https:\/\/multimediabilgisayar.com\/blog\/facebookda-begen-tusuna-yeni-emojiler-eklendi\/#primaryimage"},"thumbnailUrl":"https:\/\/multimediabilgisayar.com\/blog\/wp-content\/uploads\/2016\/02\/facebook-like-butonu-degisti.jpg","keywords":["be\u011fen butonu g\u00fcncellemesi","facebook like","facebook reactions","facebookda yenilik","yeni be\u011fen butonu"],"articleSection":["Sosyal Medya"],"inLanguage":"tr","potentialAction":[{"@type":"CommentAction","name":"Comment","target":["https:\/\/multimediabilgisayar.com\/blog\/facebookda-begen-tusuna-yeni-emojiler-eklendi\/#respond"]}]},{"@type":"WebPage","@id":"https:\/\/multimediabilgisayar.com\/blog\/facebookda-begen-tusuna-yeni-emojiler-eklendi\/","url":"https:\/\/multimediabilgisayar.com\/blog\/facebookda-begen-tusuna-yeni-emojiler-eklendi\/","name":"Facebook'da Be\u011fen Tu\u015funa Yeni Emojiler Eklendi! - Multimedia Bilgisayar | Blog","isPartOf":{"@id":"https:\/\/multimediabilgisayar.com\/blog\/#website"},"primaryImageOfPage":{"@id":"https:\/\/multimediabilgisayar.com\/blog\/facebookda-begen-tusuna-yeni-emojiler-eklendi\/#primaryimage"},"image":{"@id":"https:\/\/multimediabilgisayar.com\/blog\/facebookda-begen-tusuna-yeni-emojiler-eklendi\/#primaryimage"},"thumbnailUrl":"https:\/\/multimediabilgisayar.com\/blog\/wp-content\/uploads\/2016\/02\/facebook-like-butonu-degisti.jpg","datePublished":"2016-02-25T07:08:41+00:00","dateModified":"2024-11-07T06:49:04+00:00","breadcrumb":{"@id":"https:\/\/multimediabilgisayar.com\/blog\/facebookda-begen-tusuna-yeni-emojiler-eklendi\/#breadcrumb"},"inLanguage":"tr","potentialAction":[{"@type":"ReadAction","target":["https:\/\/multimediabilgisayar.com\/blog\/facebookda-begen-tusuna-yeni-emojiler-eklendi\/"]}]},{"@type":"ImageObject","inLanguage":"tr","@id":"https:\/\/multimediabilgisayar.com\/blog\/facebookda-begen-tusuna-yeni-emojiler-eklendi\/#primaryimage","url":"https:\/\/multimediabilgisayar.com\/blog\/wp-content\/uploads\/2016\/02\/facebook-like-butonu-degisti.jpg","contentUrl":"https:\/\/multimediabilgisayar.com\/blog\/wp-content\/uploads\/2016\/02\/facebook-like-butonu-degisti.jpg","width":580,"height":330,"caption":"Facebook'da Be\u011fen Tu\u015funa Yeni Emojiler Eklendi!"},{"@type":"BreadcrumbList","@id":"https:\/\/multimediabilgisayar.com\/blog\/facebookda-begen-tusuna-yeni-emojiler-eklendi\/#breadcrumb","itemListElement":[{"@type":"ListItem","position":1,"name":"Anasayfa","item":"https:\/\/multimediabilgisayar.com\/blog\/"},{"@type":"ListItem","position":2,"name":"Facebook&#8217;da Be\u011fen Tu\u015funa Yeni Emojiler Eklendi!"}]},{"@type":"WebSite","@id":"https:\/\/multimediabilgisayar.com\/blog\/#website","url":"https:\/\/multimediabilgisayar.com\/blog\/","name":"Multimedia Bilgisayar | Blog","description":"","publisher":{"@id":"https:\/\/multimediabilgisayar.com\/blog\/#organization"},"potentialAction":[{"@type":"SearchAction","target":{"@type":"EntryPoint","urlTemplate":"https:\/\/multimediabilgisayar.com\/blog\/?s={search_term_string}"},"query-input":{"@type":"PropertyValueSpecification","valueRequired":true,"valueName":"search_term_string"}}],"inLanguage":"tr"},{"@type":"Organization","@id":"https:\/\/multimediabilgisayar.com\/blog\/#organization","name":"Multimedia Bilgisayar | Blog","url":"https:\/\/multimediabilgisayar.com\/blog\/","logo":{"@type":"ImageObject","inLanguage":"tr","@id":"https:\/\/multimediabilgisayar.com\/blog\/#\/schema\/logo\/image\/","url":"https:\/\/multimediabilgisayar.com\/blog\/wp-content\/uploads\/2024\/11\/Multi-Logo-Siyah.png","contentUrl":"https:\/\/multimediabilgisayar.com\/blog\/wp-content\/uploads\/2024\/11\/Multi-Logo-Siyah.png","width":2386,"height":403,"caption":"Multimedia Bilgisayar | Blog"},"image":{"@id":"https:\/\/multimediabilgisayar.com\/blog\/#\/schema\/logo\/image\/"}},{"@type":"Person","@id":"https:\/\/multimediabilgisayar.com\/blog\/#\/schema\/person\/75acd01e1e2de1d9d7b9c18ecfd81c90","name":"Multimedia","image":{"@type":"ImageObject","inLanguage":"tr","@id":"https:\/\/multimediabilgisayar.com\/blog\/#\/schema\/person\/image\/","url":"https:\/\/secure.gravatar.com\/avatar\/90ae74e7c1a5a394ce7dec103aa0919c6a0a7c2f7e01f9275dca8e0c3f598c9f?s=96&d=wp_user_avatar&r=g","contentUrl":"https:\/\/secure.gravatar.com\/avatar\/90ae74e7c1a5a394ce7dec103aa0919c6a0a7c2f7e01f9275dca8e0c3f598c9f?s=96&d=wp_user_avatar&r=g","caption":"Multimedia"},"sameAs":["https:\/\/multimediabilgisayar.com\/blog"],"url":"https:\/\/multimediabilgisayar.com\/blog\/author\/multi-admin\/"}]}},"_links":{"self":[{"href":"https:\/\/multimediabilgisayar.com\/blog\/wp-json\/wp\/v2\/posts\/550","targetHints":{"allow":["GET"]}}],"collection":[{"href":"https:\/\/multimediabilgisayar.com\/blog\/wp-json\/wp\/v2\/posts"}],"about":[{"href":"https:\/\/multimediabilgisayar.com\/blog\/wp-json\/wp\/v2\/types\/post"}],"author":[{"embeddable":true,"href":"https:\/\/multimediabilgisayar.com\/blog\/wp-json\/wp\/v2\/users\/1"}],"replies":[{"embeddable":true,"href":"https:\/\/multimediabilgisayar.com\/blog\/wp-json\/wp\/v2\/comments?post=550"}],"version-history":[{"count":16,"href":"https:\/\/multimediabilgisayar.com\/blog\/wp-json\/wp\/v2\/posts\/550\/revisions"}],"predecessor-version":[{"id":12097,"href":"https:\/\/multimediabilgisayar.com\/blog\/wp-json\/wp\/v2\/posts\/550\/revisions\/12097"}],"wp:featuredmedia":[{"embeddable":true,"href":"https:\/\/multimediabilgisayar.com\/blog\/wp-json\/wp\/v2\/media\/2330"}],"wp:attachment":[{"href":"https:\/\/multimediabilgisayar.com\/blog\/wp-json\/wp\/v2\/media?parent=550"}],"wp:term":[{"taxonomy":"category","embeddable":true,"href":"https:\/\/multimediabilgisayar.com\/blog\/wp-json\/wp\/v2\/categories?post=550"},{"taxonomy":"post_tag","embeddable":true,"href":"https:\/\/multimediabilgisayar.com\/blog\/wp-json\/wp\/v2\/tags?post=550"}],"curies":[{"name":"wp","href":"https:\/\/api.w.org\/{rel}","templated":true}]}}